{"id":113,"date":"2023-03-06T10:07:22","date_gmt":"2023-03-06T09:07:22","guid":{"rendered":"https:\/\/lagnofonofactory.it\/isadorad\/?p=113"},"modified":"2023-03-07T16:15:55","modified_gmt":"2023-03-07T15:15:55","slug":"recensione-gagarin-orbite-culturali","status":"publish","type":"post","link":"https:\/\/lagnofonofactory.it\/isadorad\/2023\/03\/06\/recensione-gagarin-orbite-culturali\/","title":{"rendered":"Recensione Gagarin Orbite Culturali"},"content":{"rendered":"\n<figure class=\"wp-block-image size-full is-resized\"><img loading=\"lazy\" decoding=\"async\" src=\"https:\/\/lagnofonofactory.it\/isadorad\/wp-content\/uploads\/2023\/03\/Gagarin.png\" alt=\"\" class=\"wp-image-114\" width=\"375\" height=\"464\" srcset=\"https:\/\/lagnofonofactory.it\/isadorad\/wp-content\/uploads\/2023\/03\/Gagarin.png 750w, https:\/\/lagnofonofactory.it\/isadorad\/wp-content\/uploads\/2023\/03\/Gagarin-242x300.png 242w\" sizes=\"auto, (max-width: 375px) 100vw, 375px\" \/><\/figure>\n\n\n\n<p>&#8220;3 pezzi che compongono questo EP d\u2019esordio per questo duo che combina il cantautorato indie mixando e dosando sonorit\u00e0 elettroniche, donando a tutto il disco una propria linea e idea concreta e coerente. Albertoni e Valeri sono talentuosi musicisti che hanno unito le proprie idee, condividendole in questo progetto.<\/p>\n\n\n\n<p>Testi che seguono una linea malinconica, dei ricordi che riafforano, continuando a ferire nell\u2019anima, determinando ci\u00f2 che siamo e ci\u00f2 che saremo. Nessuno pu\u00f2 rimanere indifferente alla nostalgia del tempo che \u00e8 passato. Ed \u00e8 proprio questo il filo conduttore che gli IsadoraD hanno scelto di percorrere e scavare attraverso i ricordi che rimarranno per sempre con e dentro di noi.&#8221;<\/p>\n\n\n\n<p><a href=\"https:\/\/www.gagarin-magazine.it\/2023\/03\/musica\/isadorad-cantautorato-indie-elettronico-attravensando-i-ricordi\/\" target=\"_blank\" rel=\"noreferrer noopener\">Leggi l&#8217;articolo completo<\/a><\/p>\n\n\n\n<p><\/p>\n","protected":false},"excerpt":{"rendered":"<p>&#8220;3 pezzi che compongono questo EP d\u2019esordio per questo duo che combina il cantautorato indie mixando e dosando sonorit\u00e0 elettroniche, donando a tutto il disco una propria linea e idea<span class=\"more-button\"><a href=\"https:\/\/lagnofonofactory.it\/isadorad\/2023\/03\/06\/recensione-gagarin-orbite-culturali\/\" class=\"more-link\">Continue reading<span class=\"screen-reader-text\">Recensione Gagarin Orbite Culturali<\/span><\/a><\/span><\/p>\n","protected":false},"author":1,"featured_media":117,"comment_status":"open","ping_status":"open","sticky":false,"template":"","format":"standard","meta":{"footnotes":""},"categories":[4],"tags":[],"class_list":["post-113","post","type-post","status-publish","format-standard","has-post-thumbnail","hentry","category-stampa"],"_links":{"self":[{"href":"https:\/\/lagnofonofactory.it\/isadorad\/wp-json\/wp\/v2\/posts\/113","targetHints":{"allow":["GET"]}}],"collection":[{"href":"https:\/\/lagnofonofactory.it\/isadorad\/wp-json\/wp\/v2\/posts"}],"about":[{"href":"https:\/\/lagnofonofactory.it\/isadorad\/wp-json\/wp\/v2\/types\/post"}],"author":[{"embeddable":true,"href":"https:\/\/lagnofonofactory.it\/isadorad\/wp-json\/wp\/v2\/users\/1"}],"replies":[{"embeddable":true,"href":"https:\/\/lagnofonofactory.it\/isadorad\/wp-json\/wp\/v2\/comments?post=113"}],"version-history":[{"count":3,"href":"https:\/\/lagnofonofactory.it\/isadorad\/wp-json\/wp\/v2\/posts\/113\/revisions"}],"predecessor-version":[{"id":119,"href":"https:\/\/lagnofonofactory.it\/isadorad\/wp-json\/wp\/v2\/posts\/113\/revisions\/119"}],"wp:featuredmedia":[{"embeddable":true,"href":"https:\/\/lagnofonofactory.it\/isadorad\/wp-json\/wp\/v2\/media\/117"}],"wp:attachment":[{"href":"https:\/\/lagnofonofactory.it\/isadorad\/wp-json\/wp\/v2\/media?parent=113"}],"wp:term":[{"taxonomy":"category","embeddable":true,"href":"https:\/\/lagnofonofactory.it\/isadorad\/wp-json\/wp\/v2\/categories?post=113"},{"taxonomy":"post_tag","embeddable":true,"href":"https:\/\/lagnofonofactory.it\/isadorad\/wp-json\/wp\/v2\/tags?post=113"}],"curies":[{"name":"wp","href":"https:\/\/api.w.org\/{rel}","templated":true}]}}